{"id":2971,"date":"2021-11-01T11:46:36","date_gmt":"2021-11-01T16:46:36","guid":{"rendered":"http:\/\/www.elmagodelapublicidad.com\/?p=2971"},"modified":"2021-11-01T11:46:38","modified_gmt":"2021-11-01T16:46:38","slug":"ver-por-el-espejo-retrovisor","status":"publish","type":"post","link":"http:\/\/www.elmagodelapublicidad.com\/?p=2971","title":{"rendered":"Ver por el espejo retrovisor"},"content":{"rendered":"\n<figure class=\"wp-block-image size-large\"><a href=\"https:\/\/www.mondaymorningmemo.com\/mr-jenkins-told-me-1\/\"><img loading=\"lazy\" decoding=\"async\" width=\"780\" height=\"260\" src=\"http:\/\/www.elmagodelapublicidad.com\/wp-content\/uploads\/2021\/11\/2021_42_Looking-in-the-Rear-View-Mirror_782_MMMemo.jpg\" alt=\"\" class=\"wp-image-2976\" srcset=\"http:\/\/www.elmagodelapublicidad.com\/wp-content\/uploads\/2021\/11\/2021_42_Looking-in-the-Rear-View-Mirror_782_MMMemo.jpg 780w, http:\/\/www.elmagodelapublicidad.com\/wp-content\/uploads\/2021\/11\/2021_42_Looking-in-the-Rear-View-Mirror_782_MMMemo-300x100.jpg 300w, http:\/\/www.elmagodelapublicidad.com\/wp-content\/uploads\/2021\/11\/2021_42_Looking-in-the-Rear-View-Mirror_782_MMMemo-768x256.jpg 768w\" sizes=\"(max-width: 780px) 100vw, 780px\" \/><\/a><figcaption>Car Mirror with Copy Space Isolated on White Background.<\/figcaption><\/figure>\n\n\n<p>Ver por el espejo retrovisor<br>\n\u201cA menos que tu meta sea ir hacia atr\u00e1s, no puedes progresar viendo por el espejo retrovisor.\u201d<br>\nUna declaraci\u00f3n inicial como esa usualmente indicar\u00eda un mensaje motivacional, pero hoy voy a hacer algo diferente.<br>\nNo voy a retroceder y no voy a avanzar. Voy a detenerme para ver la larga carretera detr\u00e1s de m\u00ed y el corto camino por delante.<br>\nUn humor reflexivo requiere de un espejo retrovisor.<br>\nHe pasado una hora al tel\u00e9fono cada viernes por la ma\u00f1ana durante los \u00faltimos diez a\u00f1os con mi amigo Dewey Jenkins. Ya no vamos a hacer eso. A Dewey le ofrecieron tanto dinero por su compa\u00f1\u00eda que no ten\u00eda sentido qued\u00e1rsela.<br>\nAl principio de esta p\u00e1gina hay una foto que le tom\u00e9 a Dewey entrando al p\u00f3rtico del segundo piso de la hist\u00f3rica Mansi\u00f3n Duke en Charlotte hace unos a\u00f1os. Yo hab\u00eda estado sentado all\u00ed afuera, admirando la vista, cuando \u00e9l se aproxim\u00f3 con su sonrisa caracter\u00edstica. *Clic.*<br>\nHab\u00edamos terminado la famosa campa\u00f1a \u201cMr. Jenkins y Bobby\u201d d\u00e1ndole a Bobby US$100,000 para que pudiera perseguir su sue\u00f1o de convertirse en un actor en Hollywood. Ahora ten\u00edamos que acelerar nuestra inercia y elevar nuestra trayectoria hacia un camino nuevo y diferente. Dewey y Jonathan y Casey y yo est\u00e1bamos construyendo un cohete, mientras lo vol\u00e1bamos.<br>\nLa nueva campa\u00f1a, \u201cMr. Jenkins me dijo\u2026\u201d, ha sido a\u00fan m\u00e1s exitosa que \u201cMr. Jenkins y Bobby\u201d. Mr. Jenkins a\u00fan es el centro de atenci\u00f3n a\u00fan y cuando ahora est\u00e1 fuera del escenario. Los valores y creencias de su compa\u00f1\u00eda est\u00e1n reflejados por las cosas que sus empleados recuerdan que dijo. \u201cMr. Jenkins me dijo\u2026\u201d<br>\nLa gente de esa compa\u00f1\u00eda va a recordar las cosas que Mr. Jenkins les dijo durante las siguientes generaciones. (Indy te puso algunos de esos anuncios de TV en la madriguera del conejo.)<br>\nYo dej\u00e9 la compa\u00f1\u00eda cuando Dewey la dej\u00f3, pero Jonathan y Casey sin duda van a alcanzar las estrellas.<br>\nDewey Jenkins me llam\u00f3 a la ma\u00f1ana siguiente de haber cerrado la venta de su compa\u00f1\u00eda.<br>\nMr. Jenkins me dijo: \u201cFue el 23 de junio del 2000, cuando te escuch\u00e9 hablar en la Conferencia Airtime 500 en Sn. Louis. Compr\u00e9 tus primeros dos libros por US$20 cada uno y ellos me llevaron a un a\u00f1o de US$20,000,000. Y luego te vine a ver en el 2011 y comenzamos esta gran aventura\u2026\u201d<br>\nY vaya que ha sido grande la aventura.<br>\n####<br>\nCerr\u00e9 la computadora y me fue a acostar despu\u00e9s de haber escrito esa frase.<br>\nHan pasado tres d\u00edas y muchas cosas desde entonces.<br>\nDos m\u00e1s de mis amigos m\u00e1s cercanos vendieron sus compa\u00f1\u00edas, llevando el precio colectivo de venta de las tres compa\u00f1\u00edas a considerablemente m\u00e1s de un millardo de d\u00f3lares.<br>\nPennie me dice que te tengo que escribir la pr\u00f3xima semana acerca de \u201cTu momento en el elevador\u201d.<br>\nEs una historia que comenz\u00f3 hace 37 a\u00f1os.<br>\nEstoy con ganas de escribirla.<br>\nRoy H. Williams<\/p>","protected":false},"excerpt":{"rendered":"<p>Ver por el espejo retrovisor \u201cA menos que tu meta sea ir hacia atr\u00e1s, no puedes progresar viendo por el espejo retrovisor.\u201d Una declaraci\u00f3n inicial como esa usualmente indicar\u00eda un mensaje motivacional, pero hoy voy a hacer algo diferente. No voy a retroceder y no voy a avanzar. Voy a detenerme para ver la larga<\/p><\/div>\n<div class=\"blog-btn\"><a href=\"http:\/\/www.elmagodelapublicidad.com\/?p=2971\" class=\"home-blog-btn\">Read More<\/a><\/p>\n","protected":false},"author":2,"featured_media":0,"comment_status":"closed","ping_status":"open","sticky":false,"template":"","format":"standard","meta":{"jetpack_post_was_ever_published":false,"_jetpack_newsletter_access":"","_jetpack_dont_email_post_to_subs":false,"_jetpack_newsletter_tier_id":0,"_jetpack_memberships_contains_paywalled_content":false,"_jetpack_memberships_contains_paid_content":false,"footnotes":""},"categories":[3],"tags":[],"class_list":["post-2971","post","type-post","status-publish","format-standard","hentry","category-elmemodellunes"],"aioseo_notices":[],"jetpack_sharing_enabled":true,"jetpack_featured_media_url":"","jetpack_shortlink":"https:\/\/wp.me\/pM6iS-LV","_links":{"self":[{"href":"http:\/\/www.elmagodelapublicidad.com\/index.php?rest_route=\/wp\/v2\/posts\/2971"}],"collection":[{"href":"http:\/\/www.elmagodelapublicidad.com\/index.php?rest_route=\/wp\/v2\/posts"}],"about":[{"href":"http:\/\/www.elmagodelapublicidad.com\/index.php?rest_route=\/wp\/v2\/types\/post"}],"author":[{"embeddable":true,"href":"http:\/\/www.elmagodelapublicidad.com\/index.php?rest_route=\/wp\/v2\/users\/2"}],"replies":[{"embeddable":true,"href":"http:\/\/www.elmagodelapublicidad.com\/index.php?rest_route=%2Fwp%2Fv2%2Fcomments&post=2971"}],"version-history":[{"count":2,"href":"http:\/\/www.elmagodelapublicidad.com\/index.php?rest_route=\/wp\/v2\/posts\/2971\/revisions"}],"predecessor-version":[{"id":2977,"href":"http:\/\/www.elmagodelapublicidad.com\/index.php?rest_route=\/wp\/v2\/posts\/2971\/revisions\/2977"}],"wp:attachment":[{"href":"http:\/\/www.elmagodelapublicidad.com\/index.php?rest_route=%2Fwp%2Fv2%2Fmedia&parent=2971"}],"wp:term":[{"taxonomy":"category","embeddable":true,"href":"http:\/\/www.elmagodelapublicidad.com\/index.php?rest_route=%2Fwp%2Fv2%2Fcategories&post=2971"},{"taxonomy":"post_tag","embeddable":true,"href":"http:\/\/www.elmagodelapublicidad.com\/index.php?rest_route=%2Fwp%2Fv2%2Ftags&post=2971"}],"curies":[{"name":"wp","href":"https:\/\/api.w.org\/{rel}","templated":true}]}}