{"id":2422,"date":"2019-12-16T18:09:59","date_gmt":"2019-12-17T00:09:59","guid":{"rendered":"http:\/\/www.elmagodelapublicidad.com\/?p=2422"},"modified":"2019-12-16T18:12:08","modified_gmt":"2019-12-17T00:12:08","slug":"como-deberian-ser-las-cosas-contra-como-en-realidad-lo-son","status":"publish","type":"post","link":"http:\/\/www.elmagodelapublicidad.com\/?p=2422","title":{"rendered":"C\u00f3mo deber\u00edan ser las cosas contra c\u00f3mo en realidad lo son"},"content":{"rendered":"<p><a href=\"https:\/\/www.mondaymorningmemo.com\/bird-chirpy-morning\/\"><img decoding=\"async\" src=\"http:\/\/www.elmagodelapublicidad.com\/wp-content\/uploads\/2019\/12\/2019_50_Balloon-Girl-by-Perispomene-at-Flickr.jpg\" \/><\/a><\/p>\n<p><strong>C\u00f3mo deber\u00edan ser las cosas contra c\u00f3mo en realidad lo son<\/strong><\/p>\n<p>Una persona infeliz que habla acerca de c\u00f3mo \u201cdeber\u00edan ser las cosas\u201d tiene que tomar una decisi\u00f3n.<br \/>\nNecesitan actuar, o<br \/>\nNecesitan callarse y continuar con sus vidas.<br \/>\nLo siento si eso son\u00f3 fr\u00edo y \u00e1spero. Perm\u00edteme explicarlo.<br \/>\n\u201cC\u00f3mo deber\u00edan ser las cosas\u201d es un mundo de fantas\u00eda. Quejarse que no vives all\u00ed no tiene sentido.<br \/>\n\u201cC\u00f3mo son las cosas en realidad\u201d es el mundo en donde vivimos. Aprende a navegar ese mundo y puedes ir a donde quieras.<br \/>\nNo estoy diciendo que tienes que hacer las paces con el status quo.<br \/>\nNo estoy diciendo que tengas que aceptar las cosas como son.<br \/>\nNo estoy diciendo que est\u00e9s impotente para cambiar las cosas.<br \/>\nEstoy diciendo que las quejas improductivas no tienen sentido.<br \/>\nAct\u00faa o c\u00e1llate. No te pases tu vida creyendo que eres una v\u00edctima y tratando de convencer a todo el mundo de eso.<br \/>\n\u201c\u00bfPero ni siquiera puedo decirle a la gente c\u00f3mo me siento?\u201d<br \/>\nDepende a qu\u00e9 gente. \u00bfEllos tienen el poder de cambiar las cosas? Si lo tienen, entonces s\u00ed, cu\u00e9ntales c\u00f3mo te sientes. Y luego convence a otra gente para que haga lo mismo. Comienza una revoluci\u00f3n. Crea un futuro que sea mejor que el pasado. El progreso depende de la gente como t\u00fa.<br \/>\nPero si compartes tu indignaci\u00f3n con gente que no tiene el poder para cambiar las cosas y no tienes ninguna intenci\u00f3n de hablarle a la gente que s\u00ed tiene ese poder, entonces s\u00f3lo te est\u00e1s quejando, lloriqueando y gimiendo.<br \/>\nA nadie le gusta un quejica.<br \/>\nLa diferencia entre una v\u00edctima y un revolucionario es que la v\u00edctima no act\u00faa m\u00e1s all\u00e1 de quejarse con sus amigos.<br \/>\nUn revolucionario se arriesga al rid\u00edculo y a la derrota. Gastan tiempo, energ\u00eda y dinero en el esfuerzo para hacer el futuro mejor que el pasado.<br \/>\nPuedes hacer una diferencia si est\u00e1s dispuesto a pagar el precio.<br \/>\nGeorge Bernard Shaw dijo:<br \/>\n\u201cEl hombre razonable se adapta al mundo; el hombre no razonable persiste en tratar de adaptar el mundo a s\u00ed mismo. Por lo tanto, todo progreso depende del hombre no razonable.\u201d<br \/>\nY luego dijo:<br \/>\n\u201cNo tienes un lugar en el mundo estando de guardia, sino atacando y siendo bien atacado t\u00fa mismo.\u201d<br \/>\n\u00bfEst\u00e1s dispuesto a caer bajo el ataque si eso es lo que se necesita para cambiar las cosas?<br \/>\nAun si no est\u00e1s de acuerdo con ellas, yo admiro a las personas que hacen m\u00e1s que s\u00f3lo quejarse con sus amigos.<br \/>\nPero en cada instancia, siempre estoy de acuerdo con esa persona fant\u00e1stica que no toma ninguna posici\u00f3n salvo cuando tambi\u00e9n est\u00e1n dispuestos a actuar, esa persona que eleva cada conversaci\u00f3n a un tema agradable y que hace que te sientas feliz de estar a su alrededor.<br \/>\nRoy H. Williams<\/p>\n","protected":false},"excerpt":{"rendered":"<p>C\u00f3mo deber\u00edan ser las cosas contra c\u00f3mo en realidad lo son Una persona infeliz que habla acerca de c\u00f3mo \u201cdeber\u00edan ser las cosas\u201d tiene que tomar una decisi\u00f3n. Necesitan actuar, o Necesitan callarse y continuar con sus vidas. Lo siento si eso son\u00f3 fr\u00edo y \u00e1spero. Perm\u00edteme explicarlo. \u201cC\u00f3mo deber\u00edan ser las cosas\u201d es un<\/p><\/div>\n<div class=\"blog-btn\"><a href=\"http:\/\/www.elmagodelapublicidad.com\/?p=2422\" class=\"home-blog-btn\">Read More<\/a><\/p>\n","protected":false},"author":2,"featured_media":0,"comment_status":"closed","ping_status":"open","sticky":false,"template":"","format":"standard","meta":{"jetpack_post_was_ever_published":false,"_jetpack_newsletter_access":"","_jetpack_dont_email_post_to_subs":false,"_jetpack_newsletter_tier_id":0,"_jetpack_memberships_contains_paywalled_content":false,"_jetpack_memberships_contains_paid_content":false,"footnotes":""},"categories":[3],"tags":[],"class_list":["post-2422","post","type-post","status-publish","format-standard","hentry","category-elmemodellunes"],"aioseo_notices":[],"jetpack_sharing_enabled":true,"jetpack_featured_media_url":"","jetpack_shortlink":"https:\/\/wp.me\/pM6iS-D4","_links":{"self":[{"href":"http:\/\/www.elmagodelapublicidad.com\/index.php?rest_route=\/wp\/v2\/posts\/2422"}],"collection":[{"href":"http:\/\/www.elmagodelapublicidad.com\/index.php?rest_route=\/wp\/v2\/posts"}],"about":[{"href":"http:\/\/www.elmagodelapublicidad.com\/index.php?rest_route=\/wp\/v2\/types\/post"}],"author":[{"embeddable":true,"href":"http:\/\/www.elmagodelapublicidad.com\/index.php?rest_route=\/wp\/v2\/users\/2"}],"replies":[{"embeddable":true,"href":"http:\/\/www.elmagodelapublicidad.com\/index.php?rest_route=%2Fwp%2Fv2%2Fcomments&post=2422"}],"version-history":[{"count":3,"href":"http:\/\/www.elmagodelapublicidad.com\/index.php?rest_route=\/wp\/v2\/posts\/2422\/revisions"}],"predecessor-version":[{"id":2426,"href":"http:\/\/www.elmagodelapublicidad.com\/index.php?rest_route=\/wp\/v2\/posts\/2422\/revisions\/2426"}],"wp:attachment":[{"href":"http:\/\/www.elmagodelapublicidad.com\/index.php?rest_route=%2Fwp%2Fv2%2Fmedia&parent=2422"}],"wp:term":[{"taxonomy":"category","embeddable":true,"href":"http:\/\/www.elmagodelapublicidad.com\/index.php?rest_route=%2Fwp%2Fv2%2Fcategories&post=2422"},{"taxonomy":"post_tag","embeddable":true,"href":"http:\/\/www.elmagodelapublicidad.com\/index.php?rest_route=%2Fwp%2Fv2%2Ftags&post=2422"}],"curies":[{"name":"wp","href":"https:\/\/api.w.org\/{rel}","templated":true}]}}