{"id":2076,"date":"2018-10-23T12:51:58","date_gmt":"2018-10-23T18:51:58","guid":{"rendered":"http:\/\/www.elmagodelapublicidad.com\/?p=2076"},"modified":"2018-10-23T12:53:41","modified_gmt":"2018-10-23T18:53:41","slug":"la-unica-opcion-dificil","status":"publish","type":"post","link":"http:\/\/www.elmagodelapublicidad.com\/?p=2076","title":{"rendered":"La \u00fanica opci\u00f3n dif\u00edcil"},"content":{"rendered":"<p class=\"p1\"><a href=\"http:\/\/www.mondaymorningmemo.com\/newsletters\/the-only-hard-choice\/\"><img decoding=\"async\" src=\"http:\/\/www.elmagodelapublicidad.com\/wp-content\/uploads\/2018\/10\/2018_44_Beagle_Adult_780.jpg\" \/><\/a><\/p>\n<p class=\"p1\"><strong><span class=\"s1\">La \u00fanica opci\u00f3n dif\u00edcil<\/span><\/strong><\/p>\n<p class=\"p3\"><span class=\"s1\">La responsabilidad limita tu Libertad, y la libertad es algo bueno.<\/span><\/p>\n<p class=\"p3\"><span class=\"s1\">\u00bfEntonces la responsabilidad est\u00e1 equivocada y es mala?<\/span><\/p>\n<p class=\"p3\"><span class=\"s1\">Suspiro.<\/span><\/p>\n<p class=\"p3\"><span class=\"s1\">La \u00fanica opci\u00f3n dif\u00edcil en la vida es la opci\u00f3n entre dos cosas buenas.<\/span><\/p>\n<p class=\"p3\"><span class=\"s1\">La Justicia y la Misericordia est\u00e1n en extremos opuestos de un sube-y-baja.<\/span><\/p>\n<p class=\"p3\"><span class=\"s1\">La Honestidad y la Lealtad se pelean en tu coraz\u00f3n, \u00bfverdad?<\/span><\/p>\n<p class=\"p3\"><span class=\"s1\">La Oportunidad y la Seguridad son inversamente proporcionales.<\/span><\/p>\n<p class=\"p3\"><span class=\"s1\">Una decrece mientras la otra incrementa.<\/span><\/p>\n<p class=\"p4\"><span class=\"s1\">Estos son algunos de los ejemplos que saltan a la mente cuando uno lee las palabras del f\u00edsico ganador del Premio Nobel, Niels Bohr:<\/span><\/p>\n<p class=\"p4\"><span class=\"s1\">\u201cLo opuesto de una aseveraci\u00f3n correcta es una aseveraci\u00f3n falsa. Pero lo opuesto de una verdad profunda puede muy bien ser otra verdad profunda.\u201d<\/span><\/p>\n<p class=\"p4\"><span class=\"s1\">Considera que Niels era un f\u00edsico, no un fil\u00f3sofo.<\/span><\/p>\n<p class=\"p4\"><span class=\"s1\">Jonathan Haidt brind\u00f3 un poco de luz sobre este tema en su libro, La mente correcta, citando una vastedad de investigaci\u00f3n que indica c\u00f3mo nuestras creencias provienen primordialmente de nuestras intuiciones, con el pensamiento racional viniendo despu\u00e9s, para justificar nuestras creencias iniciales.<\/span><\/p>\n<p class=\"p4\"><span class=\"s1\">Eso es un pensamiento inc\u00f3modo, estoy de acuerdo.<\/span><\/p>\n<p class=\"p4\"><span class=\"s1\">\u00bfPero eso lo hace incorrecto?<\/span><\/p>\n<p class=\"p4\"><span class=\"s1\">Quince a\u00f1os antes que Knopf Doubleday publicara La mente correcta, Bard Press public\u00f3 El mago de la publicidad. En su pasta encuentras Las Siete Leyes del Universo de la Publicidad.<\/span><\/p>\n<p class=\"p4\"><span class=\"s1\">La tercera ley es \u00e9sta:<\/span><\/p>\n<p class=\"p3\"><span class=\"s1\">\u201cEl Intelecto y la Emoci\u00f3n son socios que no hablan el mismo idioma. El intelecto encuentra l\u00f3gica para justificar lo que las emociones ya decidieron. G\u00e1nate los corazones de la gente y sus mentes los seguir\u00e1n.\u201d<\/span><\/p>\n<p class=\"p4\"><span class=\"s1\">Yo pude escribir esas palabras con confianza porque el Dr. Roger Sperry gan\u00f3 el Premio Nobel en 1981 por su documentaci\u00f3n acerca de la lateralizaci\u00f3n del cerebro, que dice que, en efecto, no tenemos un \u00fanico cerebro dividido en dos mitades tanto como que tenemos dos cerebros separados que compiten entre s\u00ed.<\/span><\/p>\n<p class=\"p4\"><span class=\"s1\">Nuestro hemisferio izquierdo es l\u00f3gico, racional, secuencial, de razonamiento deductivo.<\/span><\/p>\n<p class=\"p4\"><span class=\"s1\">Tambi\u00e9n contiene las funciones del lenguaje.<\/span><\/p>\n<p class=\"p4\"><span class=\"s1\">Nuestro hemisferio derecho reconoce patrones y es intuitivo. Estos pueden ser patrones de conducta, patrones en la historia o patrones en fen\u00f3menos auditivos o visuales. Pero nuestro hemisferios derecho no sabe la diferencia entre lo bueno y lo malo, lo verdadero de lo falso, o los hechos de la ficci\u00f3n.<\/span><\/p>\n<p class=\"p4\"><span class=\"s1\">Ese es el trabajo del cerebro izquierdo. <\/span><\/p>\n<p class=\"p4\"><span class=\"s1\">Hablando del cerebro, Dr. Sperry dice: \u201cCada hemisferio del cerebro es de hecho un sistema consciente por s\u00ed mismo, que percibe, piensa, recuerda, razona y tiene voluntad y emociones, todo a un nivel caracter\u00edsticamente humano y\u2026 ambos hemisferios, el izquierdo y el derecho, pueden estar conscientes simult\u00e1neamente en diferentes, incluso en mutuamente conflictivas, experiencias mentales que caminan en paralelo.\u201d<\/span><\/p>\n<p class=\"p4\"><span class=\"s1\">As\u00ed que tenemos un cerebro izquierdo retr\u00f3grado, suspicaz y legalista y un cerebro derecho libre, parrandero, intuitivo y m\u00edstico que no requiere ni pruebas ni evidencia. Siempre est\u00e1 dispuesto a creer.<\/span><\/p>\n<p class=\"p4\"><span class=\"s1\">\u00bfFue la evoluci\u00f3n el origen de nuestra especie con nuestros cerebros evolucionando durante billones de a\u00f1os o simplemente Dios nos cre\u00f3 as\u00ed?<\/span><\/p>\n<p class=\"p4\"><span class=\"s1\">Me pregunto qu\u00e9 ser\u00e1.<\/span><\/p>\n<p class=\"p4\"><span class=\"s1\">Roy H. Williams<\/span><\/p>\n","protected":false},"excerpt":{"rendered":"<p>La \u00fanica opci\u00f3n dif\u00edcil La responsabilidad limita tu Libertad, y la libertad es algo bueno. \u00bfEntonces la responsabilidad est\u00e1 equivocada y es mala? Suspiro. La \u00fanica opci\u00f3n dif\u00edcil en la vida es la opci\u00f3n entre dos cosas buenas. La Justicia y la Misericordia est\u00e1n en extremos opuestos de un sube-y-baja. La Honestidad y la Lealtad<\/p><\/div>\n<div class=\"blog-btn\"><a href=\"http:\/\/www.elmagodelapublicidad.com\/?p=2076\" class=\"home-blog-btn\">Read More<\/a><\/p>\n","protected":false},"author":2,"featured_media":0,"comment_status":"closed","ping_status":"open","sticky":false,"template":"","format":"standard","meta":{"jetpack_post_was_ever_published":false,"_jetpack_newsletter_access":"","_jetpack_dont_email_post_to_subs":false,"_jetpack_newsletter_tier_id":0,"_jetpack_memberships_contains_paywalled_content":false,"_jetpack_memberships_contains_paid_content":false,"footnotes":""},"categories":[3],"tags":[],"class_list":["post-2076","post","type-post","status-publish","format-standard","hentry","category-elmemodellunes"],"aioseo_notices":[],"jetpack_sharing_enabled":true,"jetpack_featured_media_url":"","jetpack_shortlink":"https:\/\/wp.me\/pM6iS-xu","_links":{"self":[{"href":"http:\/\/www.elmagodelapublicidad.com\/index.php?rest_route=\/wp\/v2\/posts\/2076"}],"collection":[{"href":"http:\/\/www.elmagodelapublicidad.com\/index.php?rest_route=\/wp\/v2\/posts"}],"about":[{"href":"http:\/\/www.elmagodelapublicidad.com\/index.php?rest_route=\/wp\/v2\/types\/post"}],"author":[{"embeddable":true,"href":"http:\/\/www.elmagodelapublicidad.com\/index.php?rest_route=\/wp\/v2\/users\/2"}],"replies":[{"embeddable":true,"href":"http:\/\/www.elmagodelapublicidad.com\/index.php?rest_route=%2Fwp%2Fv2%2Fcomments&post=2076"}],"version-history":[{"count":3,"href":"http:\/\/www.elmagodelapublicidad.com\/index.php?rest_route=\/wp\/v2\/posts\/2076\/revisions"}],"predecessor-version":[{"id":2080,"href":"http:\/\/www.elmagodelapublicidad.com\/index.php?rest_route=\/wp\/v2\/posts\/2076\/revisions\/2080"}],"wp:attachment":[{"href":"http:\/\/www.elmagodelapublicidad.com\/index.php?rest_route=%2Fwp%2Fv2%2Fmedia&parent=2076"}],"wp:term":[{"taxonomy":"category","embeddable":true,"href":"http:\/\/www.elmagodelapublicidad.com\/index.php?rest_route=%2Fwp%2Fv2%2Fcategories&post=2076"},{"taxonomy":"post_tag","embeddable":true,"href":"http:\/\/www.elmagodelapublicidad.com\/index.php?rest_route=%2Fwp%2Fv2%2Ftags&post=2076"}],"curies":[{"name":"wp","href":"https:\/\/api.w.org\/{rel}","templated":true}]}}