{"id":1564,"date":"2016-12-20T07:27:24","date_gmt":"2016-12-20T13:27:24","guid":{"rendered":"http:\/\/www.elmagodelapublicidad.com\/?p=1564"},"modified":"2016-12-20T07:27:24","modified_gmt":"2016-12-20T13:27:24","slug":"cuatro-historias-de-navidad","status":"publish","type":"post","link":"http:\/\/www.elmagodelapublicidad.com\/?p=1564","title":{"rendered":"Cuatro Historias de Navidad"},"content":{"rendered":"<p><a href=\"http:\/\/www.mondaymorningmemo.com\/josephandmarybillboard\/\"><img loading=\"lazy\" decoding=\"async\" class=\"aligncenter size-full wp-image-1565\" src=\"http:\/\/www.elmagodelapublicidad.com\/wp-content\/uploads\/2016\/12\/2016_46_BeagleSleepingCap_FourChristmasStories_780.jpg\" alt=\"2016_46_beaglesleepingcap_fourchristmasstories_780\" width=\"780\" height=\"407\" srcset=\"http:\/\/www.elmagodelapublicidad.com\/wp-content\/uploads\/2016\/12\/2016_46_BeagleSleepingCap_FourChristmasStories_780.jpg 780w, http:\/\/www.elmagodelapublicidad.com\/wp-content\/uploads\/2016\/12\/2016_46_BeagleSleepingCap_FourChristmasStories_780-300x156.jpg 300w\" sizes=\"(max-width: 780px) 100vw, 780px\" \/><\/a><\/p>\n<p>&nbsp;<\/p>\n<p class=\"p1\"><strong><span class=\"s1\">Cuatro Historias de Navidad<\/span><\/strong><\/p>\n<p class=\"p2\">\n<p class=\"p1\"><span class=\"s1\">Yo todav\u00eda la llamo Navidad.<\/span><\/p>\n<p class=\"p1\"><span class=\"s1\">Me han dicho que se supone que uno ya no debe hacer eso.<\/span><\/p>\n<p class=\"p3\"><span class=\"s1\">Se supone que uno no debe hacer muchas cosas.<\/span><\/p>\n<p class=\"p3\"><span class=\"s1\">Olv\u00eddate de la religi\u00f3n llamada cristianismo por un momento.<\/span><\/p>\n<p class=\"p3\"><span class=\"s1\">Ignora los errores hist\u00f3ricos de los cristianos.<\/span><\/p>\n<p class=\"p3\"><span class=\"s1\">Yo estoy hablando acerca de la Navidad.<\/span><\/p>\n<p class=\"p3\"><span class=\"s1\">Esas frases iniciales me van a llevar a un mont\u00f3n de problemas salvo que me juzgues por mis motivos.<\/span><\/p>\n<p class=\"p3\"><span class=\"s2\"><b>1.<\/b><\/span><span class=\"s1\"> Yo todav\u00eda la llamo Navidad, porque, de acuerdo al relato de Lucas (1), los \u00e1ngeles no se les aparecieron a oficiales de gobierno o l\u00edderes religiosos. Escogieron en vez iluminar la oscuridad de personas solitarias trabajando de noche por el salario m\u00ednimo. Se les aparecieron a pastores humildes guardando ovejas indefensas.<\/span><\/p>\n<p class=\"p1\"><span class=\"s1\">Yo creo que eso es genial.<\/span><\/p>\n<p class=\"p3\"><span class=\"s1\">El mensaje de los \u00e1ngeles era esencialmente este: \u201c\u00a1Buenas nuevas! Dios te quiere y tiene un plan para rescatarte a ti &#8211; y al resto de la gente de este planeta &#8211; y sacarte del horrible embrollo en el que est\u00e1s.\u201d<\/span><\/p>\n<p class=\"p1\"><span class=\"s1\">A\u00fan si crees que esas historias son cuentos de hadas, vale la pena darles un vistazo. La Navidad es nuestra fiesta m\u00e1s grande.<\/span><\/p>\n<p class=\"p3\"><span class=\"s2\"><b>2.<\/b><\/span><span class=\"s1\"> La historia de Navidad de Juan se salta Bel\u00e9n del todo (2), escogiendo en vez, conectar el nacimiento de Jes\u00fas al cap\u00edtulo en G\u00e9nesis (3) en donde Dios habla al universo a la existencia:<\/span><\/p>\n<p class=\"p3\"><span class=\"s1\">\u201cAl principio era el Verbo. Y el Verbo estaba con Dios. Y el Verbo era Dios. El Verbo estaba al principio con Dios. Todas las cosas fueron hechas por medio del Verbo; sin \u00c9l no existe nada de lo que est\u00e1 hecho\u2026 Y el Verbo se hizo carne y habit\u00f3 entre nosotros.\u201d<\/span><\/p>\n<p class=\"p3\"><span class=\"s1\">Vaya.<\/span><\/p>\n<p class=\"p3\"><span class=\"s2\"><b>3.<\/b><\/span><span class=\"s1\"> Mateo (4) no menciona a los pastores de Lucas o conecta al Jes\u00fas pre-encarnado a la creaci\u00f3n del universo, como Juan, pero la de \u00e9l es la \u00fanica historia de Navidad que menciona a los Reyes Magos. Ellos no vieron \u00e1ngeles y no nos dicen por qu\u00e9 decidieron seguir esa estrella. S\u00f3lo sabemos que ellos hicieron una traves\u00eda extremadamente dif\u00edcil y nunca se desesperanzaron. Eran extranjeros que creyeron en algo en lo que los locales ya no cre\u00edan.<\/span><\/p>\n<p class=\"p3\"><span class=\"s1\">Yo tengo una fascinaci\u00f3n permanente con estos hombres sabios, los magos. Tambi\u00e9n la ten\u00edan Chesterton.<\/span><\/p>\n<p class=\"p3\"><span class=\"s1\">\u201cMientras m\u00e1s estamos orgullosos que la historia de Bel\u00e9n fue f\u00e1cil de entender para los pastores y casi que hasta las ovejas, m\u00e1s nos dejamos ir, en frescos y pinturas oscuras y magn\u00edficas acerca del misterio y majestuosidad de los Tres Reyes Magos.\u201d<\/span><\/p>\n<p class=\"p3\"><span class=\"s1\">\u2013 G.K. Chesterton, <\/span><span class=\"s2\"><i>Christendom in Dublin,<\/i><\/span><span class=\"s1\"> Ch.3 (1933)<\/span><\/p>\n<p class=\"p3\"><span class=\"s2\"><b>4.<\/b><\/span><span class=\"s1\"> Yo creo que hay magos caminando entre nosotros a\u00fan hoy.<\/span><\/p>\n<p class=\"p3\"><span class=\"s1\">Siguiendo una estrella brillante de esperanza, ellos contin\u00faan haciendo traves\u00edas dif\u00edciles.<\/span><\/p>\n<p class=\"p3\"><span class=\"s1\">No est\u00e1n buscando alguien que haga \u201cgrande a los Estados Unidos otra vez.\u201d<\/span><\/p>\n<p class=\"p3\"><span class=\"s1\">Ellos creen que los Estados Unidos &#8211; con todo y sus defectos &#8211; ya es bastante buena.<\/span><\/p>\n<p class=\"p3\"><span class=\"s1\">Todav\u00eda creen en el Sue\u00f1o Americano.<\/span><\/p>\n<p class=\"p1\"><span class=\"s1\">Y si t\u00fa eres sabio<\/span><\/p>\n<p class=\"p1\"><span class=\"s1\">t\u00fa lo crees tambi\u00e9n.<\/span><\/p>\n<p class=\"p3\"><span class=\"s1\">Un d\u00eda,<\/span><\/p>\n<p class=\"p3\"><span class=\"s1\">hace muchos a\u00f1os,<\/span><\/p>\n<p class=\"p3\"><span class=\"s1\">una buena persona le dijo a tus ancestros,<\/span><\/p>\n<p class=\"p3\"><span class=\"s1\">\u201cFeliz Navidad, inmigrantes.<\/span><\/p>\n<p class=\"p3\"><span class=\"s1\">Bienvenidos a los Estados Unidos.\u201d<\/span><\/p>\n<p class=\"p3\"><span class=\"s1\">Ella era una estatua en una isla, un regalo de Francia.<\/span><\/p>\n<p class=\"p3\"><span class=\"s1\">Y el poema a sus pies les susurra a toda la tierra,<\/span><\/p>\n<p class=\"p3\"><span class=\"s1\">\u201cTr\u00e1iganme a su masas cansadas, pobres, apretadas, que anhelan respirar en libertad. Yo elevo mi l\u00e1mpara a la par de la puerta dorada.\u201d<\/span><\/p>\n<p class=\"p3\"><span class=\"s1\">Roy H. Williams<\/span><\/p>\n<ol class=\"ol1\">\n<li class=\"li3\"><span class=\"s1\">Lucas 2, 6-20<\/span><\/li>\n<li class=\"li3\"><span class=\"s1\">Juan 1, 1-14<\/span><\/li>\n<li class=\"li3\"><span class=\"s1\">G\u00e9nesis 1, 1-3<\/span><\/li>\n<li class=\"li3\"><span class=\"s1\">Mateo 2, 1-12<\/span><\/li>\n<\/ol>\n","protected":false},"excerpt":{"rendered":"<p>&nbsp; Cuatro Historias de Navidad Yo todav\u00eda la llamo Navidad. Me han dicho que se supone que uno ya no debe hacer eso. Se supone que uno no debe hacer muchas cosas. Olv\u00eddate de la religi\u00f3n llamada cristianismo por un momento. Ignora los errores hist\u00f3ricos de los cristianos. Yo estoy hablando acerca de la Navidad.<\/p><\/div>\n<div class=\"blog-btn\"><a href=\"http:\/\/www.elmagodelapublicidad.com\/?p=1564\" class=\"home-blog-btn\">Read More<\/a><\/p>\n","protected":false},"author":2,"featured_media":0,"comment_status":"closed","ping_status":"open","sticky":false,"template":"","format":"standard","meta":{"jetpack_post_was_ever_published":false,"_jetpack_newsletter_access":"","_jetpack_dont_email_post_to_subs":false,"_jetpack_newsletter_tier_id":0,"_jetpack_memberships_contains_paywalled_content":false,"_jetpack_memberships_contains_paid_content":false,"footnotes":""},"categories":[3],"tags":[],"class_list":["post-1564","post","type-post","status-publish","format-standard","hentry","category-elmemodellunes"],"aioseo_notices":[],"jetpack_sharing_enabled":true,"jetpack_featured_media_url":"","jetpack_shortlink":"https:\/\/wp.me\/pM6iS-pe","_links":{"self":[{"href":"http:\/\/www.elmagodelapublicidad.com\/index.php?rest_route=\/wp\/v2\/posts\/1564"}],"collection":[{"href":"http:\/\/www.elmagodelapublicidad.com\/index.php?rest_route=\/wp\/v2\/posts"}],"about":[{"href":"http:\/\/www.elmagodelapublicidad.com\/index.php?rest_route=\/wp\/v2\/types\/post"}],"author":[{"embeddable":true,"href":"http:\/\/www.elmagodelapublicidad.com\/index.php?rest_route=\/wp\/v2\/users\/2"}],"replies":[{"embeddable":true,"href":"http:\/\/www.elmagodelapublicidad.com\/index.php?rest_route=%2Fwp%2Fv2%2Fcomments&post=1564"}],"version-history":[{"count":1,"href":"http:\/\/www.elmagodelapublicidad.com\/index.php?rest_route=\/wp\/v2\/posts\/1564\/revisions"}],"predecessor-version":[{"id":1566,"href":"http:\/\/www.elmagodelapublicidad.com\/index.php?rest_route=\/wp\/v2\/posts\/1564\/revisions\/1566"}],"wp:attachment":[{"href":"http:\/\/www.elmagodelapublicidad.com\/index.php?rest_route=%2Fwp%2Fv2%2Fmedia&parent=1564"}],"wp:term":[{"taxonomy":"category","embeddable":true,"href":"http:\/\/www.elmagodelapublicidad.com\/index.php?rest_route=%2Fwp%2Fv2%2Fcategories&post=1564"},{"taxonomy":"post_tag","embeddable":true,"href":"http:\/\/www.elmagodelapublicidad.com\/index.php?rest_route=%2Fwp%2Fv2%2Ftags&post=1564"}],"curies":[{"name":"wp","href":"https:\/\/api.w.org\/{rel}","templated":true}]}}