{"id":1464,"date":"2016-06-13T10:57:53","date_gmt":"2016-06-13T16:57:53","guid":{"rendered":"http:\/\/www.elmagodelapublicidad.com\/?p=1464"},"modified":"2016-06-13T10:57:53","modified_gmt":"2016-06-13T16:57:53","slug":"animo","status":"publish","type":"post","link":"http:\/\/www.elmagodelapublicidad.com\/?p=1464","title":{"rendered":"\u00c1nimo"},"content":{"rendered":"<p class=\"p1\"><a href=\"http:\/\/www.mondaymorningmemo.com\/newsletters\/encouragement\/\"><img loading=\"lazy\" decoding=\"async\" class=\"aligncenter size-full wp-image-1465\" src=\"http:\/\/www.elmagodelapublicidad.com\/wp-content\/uploads\/2016\/06\/2016_20_TwoBrothers.jpg\" alt=\"2016_20_TwoBrothers\" width=\"780\" height=\"509\" srcset=\"http:\/\/www.elmagodelapublicidad.com\/wp-content\/uploads\/2016\/06\/2016_20_TwoBrothers.jpg 780w, http:\/\/www.elmagodelapublicidad.com\/wp-content\/uploads\/2016\/06\/2016_20_TwoBrothers-300x195.jpg 300w\" sizes=\"(max-width: 780px) 100vw, 780px\" \/><\/a><\/p>\n<p class=\"p1\"><span class=\"s1\"><b>\u00c1nimo<\/b><\/span><\/p>\n<p class=\"p3\"><span class=\"s1\">Cuando yo era ni\u00f1o, quer\u00eda un hermano mayor.<\/span><\/p>\n<p class=\"p4\"><span class=\"s1\">No s\u00f3lo uno o dos a\u00f1os mayor, sino seis u ocho o diez a\u00f1os m\u00e1s grande. Yo quer\u00eda poder preguntarle cosas y confiar en los motivos detr\u00e1s de sus respuestas.<\/span><\/p>\n<p class=\"p4\"><span class=\"s1\">A trav\u00e9s de los a\u00f1os, he sido lo suficientemente afortunado como para acumular siete hermanos mayores que llenan de sabidur\u00eda mi vida. Estos hermanos me dan el beneficio de todas sus experiencias &#8211; sus \u00e9xitos y sus errores &#8211; y me ayudan a recordar qui\u00e9n soy yo.<\/span><\/p>\n<p class=\"p4\"><span class=\"s1\">Nunca te he contado esto, pero me gusta pensar que yo soy como tu hermano mayor. Trato de darte el beneficio de mis experiencias, si es que se puede encontrar beneficio alguno.<\/span><\/p>\n<p class=\"p4\"><span class=\"s1\">Hoy, tu hermano mayor necesita un favor. \u00bfMe lo permites?<\/span><\/p>\n<p class=\"p4\"><span class=\"s1\">Siempre he estado orgulloso y avergonzado de no haber ido a la universidad.<\/span><\/p>\n<p class=\"p4\"><span class=\"s1\">Entonces, cuando un grupo de estudiosos &#8211; jefes de departamentos de varias universidades grandes, en su mayor\u00eda &#8211; me pidieron que contribuyera un cap\u00edtulo a su libro acerca de qu\u00e9 significa Don Quijote para la gente com\u00fan en el Siglo XXI, bueno, me abalanc\u00e9 sobre la oportunidad.<\/span><\/p>\n<p class=\"p4\"><span class=\"s1\">Y luego lo dej\u00e9 estar.<\/span><\/p>\n<p class=\"p4\"><span class=\"s1\">Y ahora necesito hacerlo.<\/span><\/p>\n<p class=\"p4\"><span class=\"s1\">All\u00ed es donde entras t\u00fa.<\/span><\/p>\n<p class=\"p3\"><span class=\"s1\">\u00bfMe escribir\u00edas una oraci\u00f3n o dos o veinte acerca de qu\u00e9 represente Don Quijote para ti?<\/span><\/p>\n<p class=\"p4\"><span class=\"s1\">No importa si has le\u00eddo el libro o no. Tus pensamientos y sentimientos van a surgir de donde sea que vengan.<\/span><\/p>\n<p class=\"p4\"><span class=\"s1\">Esa es la belleza de este proyecto. No tienes que defender tu opini\u00f3n, s\u00f3lo tienes que tenerla.<\/span><\/p>\n<p class=\"p4\"><span class=\"s1\">Cada generaci\u00f3n durante los \u00faltimos 400 a\u00f1os ha visto a Don Quijote de forma distinta. \u00bfC\u00f3mo lo miras hoy? \u00bfQu\u00e9 sacas de la historia? \u00bfQui\u00e9n es Sancho Panza y por qu\u00e9 importa? \u00bfQui\u00e9n es Dulcinea y que significa para ti? Y si est\u00e1s familiarizado con alguno de los personajes y los elementos de la historia, me encantar\u00eda escuchar tus pensamientos e interpretaciones de ellos tambi\u00e9n.<\/span><\/p>\n<p class=\"p4\"><span class=\"s1\">\u00bfC\u00f3mo ves t\u00fa a Don Quijote? Tu respuesta puede ser tan breve o tan profunda como t\u00fa escojas.<\/span><\/p>\n<p class=\"p4\"><span class=\"s1\">Veinte diferentes estudiosos de Cervantes van a contribuir cada uno con un cap\u00edtulo para el libro. Yo fui la pen\u00faltima persona en recibir una invitaci\u00f3n, pero al menos la recib\u00ed.<\/span><\/p>\n<p class=\"p4\"><span class=\"s1\">Significa much\u00edsimo para m\u00ed.<\/span><\/p>\n<p class=\"p4\"><span class=\"s1\">Mi cap\u00edtulo se supone que debe tener 5,000 palabras, por lo que necesito saber de muchos de ustedes. Y por favor recuerda de darme tu nombre y apellido y tu permiso para publicar lo que me env\u00edes. Tambi\u00e9n, cu\u00e9ntame qu\u00e9 haces.<\/span><\/p>\n<p class=\"p4\"><span class=\"s1\">Indy se ofreci\u00f3 a ayudarme para recolectar tus correos en <a href=\"mailto:IndyBeagle@wizardofads.com\"><span class=\"s2\">IndyBeagle@WizardOfAds.com<\/span><\/a><\/span><\/p>\n<p class=\"p4\"><span class=\"s1\">Dos de mis hermanos mayores, Ray Bard y Don Kuhl ya me contribuyeron con sus pensamientos y definitivamente van a estar representados en mi cap\u00edtulo.<\/span><\/p>\n<p class=\"p4\"><span class=\"s1\">Me encantar\u00eda ver tu nombre al lado del de ellos.<\/span><\/p>\n<p class=\"p4\"><span class=\"s1\">Roy H. Williams<\/span><\/p>\n","protected":false},"excerpt":{"rendered":"<p>\u00c1nimo Cuando yo era ni\u00f1o, quer\u00eda un hermano mayor. No s\u00f3lo uno o dos a\u00f1os mayor, sino seis u ocho o diez a\u00f1os m\u00e1s grande. Yo quer\u00eda poder preguntarle cosas y confiar en los motivos detr\u00e1s de sus respuestas. A trav\u00e9s de los a\u00f1os, he sido lo suficientemente afortunado como para acumular siete hermanos mayores<\/p><\/div>\n<div class=\"blog-btn\"><a href=\"http:\/\/www.elmagodelapublicidad.com\/?p=1464\" class=\"home-blog-btn\">Read More<\/a><\/p>\n","protected":false},"author":2,"featured_media":0,"comment_status":"closed","ping_status":"open","sticky":false,"template":"","format":"standard","meta":{"jetpack_post_was_ever_published":false,"_jetpack_newsletter_access":"","_jetpack_dont_email_post_to_subs":false,"_jetpack_newsletter_tier_id":0,"_jetpack_memberships_contains_paywalled_content":false,"_jetpack_memberships_contains_paid_content":false,"footnotes":""},"categories":[3],"tags":[],"class_list":["post-1464","post","type-post","status-publish","format-standard","hentry","category-elmemodellunes"],"aioseo_notices":[],"jetpack_sharing_enabled":true,"jetpack_featured_media_url":"","jetpack_shortlink":"https:\/\/wp.me\/sM6iS-animo","_links":{"self":[{"href":"http:\/\/www.elmagodelapublicidad.com\/index.php?rest_route=\/wp\/v2\/posts\/1464"}],"collection":[{"href":"http:\/\/www.elmagodelapublicidad.com\/index.php?rest_route=\/wp\/v2\/posts"}],"about":[{"href":"http:\/\/www.elmagodelapublicidad.com\/index.php?rest_route=\/wp\/v2\/types\/post"}],"author":[{"embeddable":true,"href":"http:\/\/www.elmagodelapublicidad.com\/index.php?rest_route=\/wp\/v2\/users\/2"}],"replies":[{"embeddable":true,"href":"http:\/\/www.elmagodelapublicidad.com\/index.php?rest_route=%2Fwp%2Fv2%2Fcomments&post=1464"}],"version-history":[{"count":1,"href":"http:\/\/www.elmagodelapublicidad.com\/index.php?rest_route=\/wp\/v2\/posts\/1464\/revisions"}],"predecessor-version":[{"id":1466,"href":"http:\/\/www.elmagodelapublicidad.com\/index.php?rest_route=\/wp\/v2\/posts\/1464\/revisions\/1466"}],"wp:attachment":[{"href":"http:\/\/www.elmagodelapublicidad.com\/index.php?rest_route=%2Fwp%2Fv2%2Fmedia&parent=1464"}],"wp:term":[{"taxonomy":"category","embeddable":true,"href":"http:\/\/www.elmagodelapublicidad.com\/index.php?rest_route=%2Fwp%2Fv2%2Fcategories&post=1464"},{"taxonomy":"post_tag","embeddable":true,"href":"http:\/\/www.elmagodelapublicidad.com\/index.php?rest_route=%2Fwp%2Fv2%2Ftags&post=1464"}],"curies":[{"name":"wp","href":"https:\/\/api.w.org\/{rel}","templated":true}]}}